{"id":1070,"date":"2023-07-21T19:06:07","date_gmt":"2023-07-21T17:06:07","guid":{"rendered":"https:\/\/conscaracas.esteri.it\/?p=1070"},"modified":"2023-07-21T19:29:37","modified_gmt":"2023-07-21T17:29:37","slug":"innovazioni-nella-procedura-di-assenso-al-rilascio-del-passaporto-a-favore-di-genitori-di-figli-minori","status":"publish","type":"post","link":"https:\/\/conscaracas.esteri.it\/es\/news\/dal_consolato\/2023\/07\/innovazioni-nella-procedura-di-assenso-al-rilascio-del-passaporto-a-favore-di-genitori-di-figli-minori\/","title":{"rendered":"Modificaciones al procedimiento de emisi\u00f3n del \u00abatto di assenso\u00bb"},"content":{"rendered":"<p>Se informa a los conciudadanos, padres de hijos menores de edad, que a partir del 14 de junio de 2023 no ser\u00e1 necesario presentar el \u00abatto di assenso\u00bb del otro progenitor para la emisi\u00f3n del propio documento de identidad (pasaporte o CIE), en virtud del D.L. 69\/2023.<\/p>\n<p>El reformado art. 3-bis de la L. 1185\/1967 indica que, cuando existe un peligro actual y concreto que, por el traslado en el exterior, una persona pueda dejar de cumplir a las obligaciones para con sus hijos, el otro progenitor podr\u00e1 solicitar una inhibici\u00f3n a la emisi\u00f3n del documento.<\/p>\n<p>La solicitud podr\u00e1 ser presentada ante el juez competente del Tribunal ordinario en el cual el menor tiene su residencia habitual o, si el menor reside en el exterior, ante el Tribunal competente en funci\u00f3n al Comune de inscripci\u00f3n AIRE.<\/p>\n<p>A los fines de emitir documentos para el menor, sin embargo, permanece la obligaci\u00f3n de presentar el \u00abatto di assenso\u00bb suscrito por ambos o por quien ejerce la patria potestad.<\/p>\n","protected":false},"excerpt":{"rendered":"Se informa a los conciudadanos, padres de hijos menores de edad, que a partir del 14 de junio de 2023 no ser\u00e1 necesario presentar el \u00abatto di assenso\u00bb del otro progenitor para la emisi\u00f3n del propio documento de identidad (pasaporte o CIE), en virtud del D.L. 69\/2023. El reformado art. 3-bis de la L. 1185\/1967 [&hellip;]","protected":false},"author":3,"featured_media":0,"comment_status":"closed","ping_status":"closed","sticky":false,"template":"","format":"standard","meta":{"footnotes":""},"tags":[],"class_list":["post-1070","post","type-post","status-publish","format-standard","hentry"],"_links":{"self":[{"href":"https:\/\/conscaracas.esteri.it\/es\/wp-json\/wp\/v2\/posts\/1070","targetHints":{"allow":["GET"]}}],"collection":[{"href":"https:\/\/conscaracas.esteri.it\/es\/wp-json\/wp\/v2\/posts"}],"about":[{"href":"https:\/\/conscaracas.esteri.it\/es\/wp-json\/wp\/v2\/types\/post"}],"author":[{"embeddable":true,"href":"https:\/\/conscaracas.esteri.it\/es\/wp-json\/wp\/v2\/users\/3"}],"replies":[{"embeddable":true,"href":"https:\/\/conscaracas.esteri.it\/es\/wp-json\/wp\/v2\/comments?post=1070"}],"version-history":[{"count":0,"href":"https:\/\/conscaracas.esteri.it\/es\/wp-json\/wp\/v2\/posts\/1070\/revisions"}],"wp:attachment":[{"href":"https:\/\/conscaracas.esteri.it\/es\/wp-json\/wp\/v2\/media?parent=1070"}],"wp:term":[{"taxonomy":"post_tag","embeddable":true,"href":"https:\/\/conscaracas.esteri.it\/es\/wp-json\/wp\/v2\/tags?post=1070"}],"curies":[{"name":"wp","href":"https:\/\/api.w.org\/{rel}","templated":true}]}}